{"id":1426,"__str__":"Indica\u00e7\u00e3o n\u00ba 146 de 2021","link_detail_backend":"/materia/1426","metadata":{},"numero":146,"ano":2021,"numero_protocolo":null,"data_apresentacao":"2021-05-27","tipo_apresentacao":"E","data_publicacao":null,"numero_origem_externa":"","ano_origem_externa":null,"data_origem_externa":null,"apelido":"","dias_prazo":null,"data_fim_prazo":null,"em_tramitacao":true,"polemica":false,"objeto":"","complementar":false,"ementa":"INDICA AO EXECUTIVO MUNICIPAL QUE EMPREGUE ESFOR\u00c7OS PARA QUE SEJA PROVIDENCIADA UMA EXTENS\u00c3O DE REDE DE BAIXA TENS\u00c3O (BT) PARA AS RUAS ISA\u00cdAS DE OLIVEIRA FREITAS, JOS\u00c9 LUIZ DA COSTA E JACUPEMBA, AFIM DE QUE A ILUMINA\u00c7\u00c3O P\u00daBLICA POSSUA MAIS EFIC\u00c1CIA NESSES LOCAIS.","indexacao":"","observacao":"","resultado":"","texto_original":"http://sapl.pedrocanario.es.leg.br/media/sapl/public/materialegislativa/2021/1426/img_20210601_0146_-_clecio_pereira_da_silva.pdf","data_ultima_atualizacao":"2021-06-01T18:05:14.045867-03:00","ip":"45.237.159.58","ultima_edicao":"2021-06-01T18:01:43.294747-03:00","tipo":8,"regime_tramitacao":1,"tipo_origem_externa":null,"local_origem_externa":null,"user":7,"anexadas":[],"autores":[29]}