{"id":483,"__str__":"Projeto de Lei Ordin\u00e1ria n\u00ba 78 de 2018","link_detail_backend":"/materia/483","metadata":{},"numero":78,"ano":2018,"numero_protocolo":null,"data_apresentacao":"2019-08-20","tipo_apresentacao":"E","data_publicacao":null,"numero_origem_externa":"","ano_origem_externa":null,"data_origem_externa":null,"apelido":"","dias_prazo":null,"data_fim_prazo":null,"em_tramitacao":true,"polemica":null,"objeto":"","complementar":null,"ementa":"DISP\u00d5E SOBRE A REGULAMENTA\u00c7\u00c3O DAS FEIRAS LIVRES, DO COM\u00c9RCIO NELAS REALIZADAS E DO USO DA \u00c1REA P\u00daBLICA PARA TAL FIM NO MUNIC\u00cdPIO DE PEDRO CAN\u00c1RIO - ESTADO DO ESP\u00cdRITO SANTO E D\u00c1 OUTRAS PROVID\u00caNCIAS.","indexacao":"","observacao":"","resultado":"","texto_original":"http://sapl.pedrocanario.es.leg.br/media/sapl/public/materialegislativa/2018/483/projeto_de_lei_78.2018.pdf","data_ultima_atualizacao":"2019-11-04T17:34:29.794092-03:00","ip":"189.3.88.99","ultima_edicao":null,"tipo":1,"regime_tramitacao":1,"tipo_origem_externa":null,"local_origem_externa":null,"user":4,"anexadas":[],"autores":[13]}